{"id":13256,"__str__":"Anexo - Requerimento Inclus\u00e3o de 24/09/2024 por V\u00e1rios Vereadores","link_detail_backend":"/materia/documentoacessorio/13256","metadata":{},"nome":"Requerimento Inclus\u00e3o","data":"2024-09-24","autor":"V\u00e1rios Vereadores","ementa":"","indexacao":"","arquivo":"http://sapl.lapa.pr.leg.br/media/sapl/public/documentoacessorio/2024/13256/protocolo_1757-2024.pdf","data_ultima_atualizacao":"2024-09-26T13:48:39.025310-03:00","materia":11144,"tipo":4}