{"id":381,"__str__":"Anexo - Reda\u00e7\u00e3o Final de 29/04/2015 por Comiss\u00e3o de Legisla\u00e7\u00e3o, Justi\u00e7a e Reda\u00e7\u00e3o.","link_detail_backend":"/materia/documentoacessorio/381","metadata":{},"nome":"Reda\u00e7\u00e3o Final","data":"2015-04-29","autor":"Comiss\u00e3o de Legisla\u00e7\u00e3o, Justi\u00e7a e Reda\u00e7\u00e3o.","ementa":"REDA\u00c7\u00c3O FINAL.","indexacao":"","arquivo":"http://sapl.lapa.pr.leg.br/media/sapl/public/documentoacessorio/2013/381/381.pdf","data_ultima_atualizacao":"2018-10-23T09:23:50.932442-03:00","materia":569,"tipo":4}