{"id":10166,"__str__":"Requerimento Verbal n\u00ba 72 de 2023","link_detail_backend":"/materia/10166","metadata":{},"numero":72,"ano":2023,"numero_protocolo":null,"data_apresentacao":"2023-06-20","tipo_apresentacao":"O","data_publicacao":null,"numero_origem_externa":"","ano_origem_externa":null,"data_origem_externa":null,"apelido":"","dias_prazo":null,"data_fim_prazo":null,"em_tramitacao":true,"polemica":false,"objeto":"","complementar":false,"ementa":"Solicita ao Executivo Municipal, que seja enviado a esta Casa de Leis a escala de plant\u00f5es m\u00e9dicos da Pediatria e da UPA do m\u00eas 06/2022 at\u00e9 a presente data, contendo nome do profissional, especialidade, n\u00famero e data dos plant\u00f5es. O presente pedido se faz necess\u00e1rio para que este Vereador possa exercer a fun\u00e7\u00e3o fiscalizat\u00f3ria.","indexacao":"","observacao":"","resultado":"","texto_original":null,"data_ultima_atualizacao":"2023-08-01T15:14:33.460995-03:00","ip":"168.232.216.26","ultima_edicao":"2023-06-22T09:46:17.474537-03:00","tipo":19,"regime_tramitacao":1,"tipo_origem_externa":null,"local_origem_externa":null,"user":38,"anexadas":[],"autores":[195]}