{"id":10187,"__str__":"Requerimento Verbal n\u00ba 76 de 2023","link_detail_backend":"/materia/10187","metadata":{},"numero":76,"ano":2023,"numero_protocolo":null,"data_apresentacao":"2023-06-27","tipo_apresentacao":"O","data_publicacao":null,"numero_origem_externa":"","ano_origem_externa":null,"data_origem_externa":null,"apelido":"","dias_prazo":null,"data_fim_prazo":null,"em_tramitacao":true,"polemica":false,"objeto":"","complementar":false,"ementa":"solicita ao Executivo Municipal, que seja adquirido uma geladeira, com a m\u00e1xima urg\u00eancia, ao Posto de Sa\u00fade da localidade de S\u00e3o Bento, pois em visita no local, este Vereador constatou in loco, que a geladeira que est\u00e1 sendo utilizada para armazenagem das vacinas est\u00e1 com a parte superior danificada tendo em vista que alguns meses atr\u00e1s houve uma tempestade no local e caiu parte do teto encima da mesma; e que seja adquirido tamb\u00e9m, com urg\u00eancia, uma balan\u00e7a para pesagem de crian\u00e7as para o Posto de Sa\u00fade da localidade de S\u00e3o Bento, pois constatou-se no local a falta deste equipamento que tem por sua funcionalidade permitir que os profissionais de sa\u00fade fa\u00e7am a identifica\u00e7\u00e3o precoce de crian\u00e7as em risco de desnutri\u00e7\u00e3o ou sobrepeso, em vez de esperar at\u00e9 que o problema ocorra.","indexacao":"","observacao":"","resultado":"","texto_original":null,"data_ultima_atualizacao":"2023-07-19T09:41:00.302644-03:00","ip":"168.232.216.26","ultima_edicao":"2023-06-29T14:52:22.079135-03:00","tipo":19,"regime_tramitacao":1,"tipo_origem_externa":null,"local_origem_externa":null,"user":38,"anexadas":[],"autores":[195]}