{"id":10230,"__str__":"Requerimento Verbal n\u00ba 93 de 2023","link_detail_backend":"/materia/10230","metadata":{},"numero":93,"ano":2023,"numero_protocolo":null,"data_apresentacao":"2023-07-11","tipo_apresentacao":"O","data_publicacao":null,"numero_origem_externa":"","ano_origem_externa":null,"data_origem_externa":null,"apelido":"","dias_prazo":null,"data_fim_prazo":null,"em_tramitacao":true,"polemica":false,"objeto":"","complementar":false,"ementa":"Voto de Congratula\u00e7\u00f5es e Aplausos, aos organizadores da Festa e Festival de Pr\u00eamios em louvor a S\u00e3o Pedro e S\u00e3o Paulo, realizada no dia 09/07/2023, na comunidade de Mato Preto Paiol, e que seja dado ci\u00eancia ao Coordenador, senhor Aur\u00e9lio Jo\u00e3o Melo.","indexacao":"","observacao":"","resultado":"","texto_original":null,"data_ultima_atualizacao":"2023-07-24T15:34:36.833945-03:00","ip":"168.232.216.26","ultima_edicao":"2023-07-12T16:46:12.900571-03:00","tipo":19,"regime_tramitacao":1,"tipo_origem_externa":null,"local_origem_externa":null,"user":38,"anexadas":[],"autores":[9]}