{"id":10929,"__str__":"Projeto de Lei Ordin\u00e1ria n\u00ba 105 de 2023","link_detail_backend":"/materia/10929","metadata":{},"numero":105,"ano":2023,"numero_protocolo":3069,"data_apresentacao":"2023-12-15","tipo_apresentacao":"E","data_publicacao":null,"numero_origem_externa":"","ano_origem_externa":null,"data_origem_externa":null,"apelido":"","dias_prazo":null,"data_fim_prazo":null,"em_tramitacao":true,"polemica":false,"objeto":"","complementar":false,"ementa":"Autoriza o Poder Executivo Municipal a firmar Termos de Colabora\u00e7\u00e3o com o Centro de Educa\u00e7\u00e3o Infantil S\u00e3o Vicente de Paulo, por meio de sua entidade \r\nmantenedora - Associa\u00e7\u00e3o das Damas de Caridade do Lar e Educand\u00e1rio S\u00e3o Vicente de Paulo, para repasse de recursos financeiros e d\u00e1 outras provid\u00eancias.","indexacao":"","observacao":"","resultado":"","texto_original":"http://sapl.lapa.pr.leg.br/media/sapl/public/materialegislativa/2023/10929/protocolo_3069.pdf","data_ultima_atualizacao":"2024-01-03T09:31:32.092826-03:00","ip":"168.232.216.26","ultima_edicao":"2023-12-15T16:34:54.588302-03:00","tipo":1,"regime_tramitacao":2,"tipo_origem_externa":null,"local_origem_externa":null,"user":30,"anexadas":[],"autores":[1]}