{"id":11215,"__str__":"Projeto de Lei Ordin\u00e1ria n\u00ba 22 de 2024","link_detail_backend":"/materia/11215","metadata":{"signs":{"texto_original":{}}},"numero":22,"ano":2024,"numero_protocolo":320,"data_apresentacao":"2024-03-08","tipo_apresentacao":"E","data_publicacao":null,"numero_origem_externa":"","ano_origem_externa":null,"data_origem_externa":null,"apelido":"","dias_prazo":null,"data_fim_prazo":null,"em_tramitacao":true,"polemica":false,"objeto":"","complementar":false,"ementa":"Disp\u00f5e sobre a cria\u00e7\u00e3o do Conselho Municipal de Pol\u00edticas de Igualdade Racial \u2013 COMPIR e do Fundo Municipal de Igualdade Racial e d\u00e1 outras provid\u00eancias.","indexacao":"","observacao":"","resultado":"","texto_original":"http://sapl.lapa.pr.leg.br/media/sapl/public/materialegislativa/2024/11215/protocolo_320-2024.pdf","data_ultima_atualizacao":"2024-03-27T13:35:10.617449-03:00","ip":"168.232.216.26","ultima_edicao":"2024-03-11T13:20:30.712793-03:00","tipo":1,"regime_tramitacao":1,"tipo_origem_externa":null,"local_origem_externa":null,"user":76,"anexadas":[],"autores":[1]}