{"id":12254,"__str__":"Anteprojeto de Lei n\u00ba 10 de 2025","link_detail_backend":"/materia/12254","metadata":{},"numero":10,"ano":2025,"numero_protocolo":840,"data_apresentacao":"2025-04-16","tipo_apresentacao":"E","data_publicacao":null,"numero_origem_externa":"","ano_origem_externa":null,"data_origem_externa":null,"apelido":"","dias_prazo":null,"data_fim_prazo":null,"em_tramitacao":true,"polemica":false,"objeto":"","complementar":false,"ementa":"Disp\u00f5e sobre a prote\u00e7\u00e3o \u00e0s abelhas nativas sem ferr\u00e3o e o est\u00edmulo \u00e0 poliniza\u00e7\u00e3o urbana e rural no Munic\u00edpio da Lapa, Paran\u00e1, e d\u00e1 outras provid\u00eancias.","indexacao":"","observacao":"","resultado":"","texto_original":"http://sapl.lapa.pr.leg.br/media/sapl/public/materialegislativa/2025/12254/anteprojeto_de_lei_10_2025.pdf","data_ultima_atualizacao":"2025-08-15T15:26:44.490265-03:00","ip":"45.172.255.120","ultima_edicao":"2025-04-17T10:53:27.835925-03:00","tipo":9,"regime_tramitacao":1,"tipo_origem_externa":null,"local_origem_externa":null,"user":30,"anexadas":[],"autores":[23]}