{"id":13505,"__str__":"Requerimento Verbal n\u00ba 16 de 2026","link_detail_backend":"/materia/13505","metadata":{},"numero":16,"ano":2026,"numero_protocolo":null,"data_apresentacao":"2026-04-14","tipo_apresentacao":"O","data_publicacao":null,"numero_origem_externa":"","ano_origem_externa":null,"data_origem_externa":null,"apelido":"","dias_prazo":null,"data_fim_prazo":null,"em_tramitacao":true,"polemica":false,"objeto":"","complementar":false,"ementa":"Solicita ao Executivo Municipal, informa\u00e7\u00f5es se a Prefeitura est\u00e1 tomando provid\u00eancias a respeito do problema com a tag do ped\u00e1gio e isen\u00e7\u00f5es, pois o povo da Mariental e principalmente os agricultores, est\u00e3o tendo bastante problemas por exceder o limite das passagens e pagando o que usaram, mas est\u00e3o tendo que devolver a tag e n\u00e3o est\u00e1 gerando protocolo na Prefeitura.","indexacao":"","observacao":"","resultado":"","texto_original":null,"data_ultima_atualizacao":"2026-04-23T09:58:30.831665-03:00","ip":"168.232.216.26","ultima_edicao":"2026-04-15T13:37:33.155461-03:00","tipo":19,"regime_tramitacao":1,"tipo_origem_externa":null,"local_origem_externa":null,"user":38,"anexadas":[],"autores":[255]}