{"id":2019,"__str__":"Projeto de Resolu\u00e7\u00e3o n\u00ba 1 de 2017","link_detail_backend":"/materia/2019","metadata":{},"numero":1,"ano":2017,"numero_protocolo":267,"data_apresentacao":"2017-03-17","tipo_apresentacao":"","data_publicacao":null,"numero_origem_externa":"","ano_origem_externa":null,"data_origem_externa":null,"apelido":"","dias_prazo":null,"data_fim_prazo":null,"em_tramitacao":true,"polemica":null,"objeto":"","complementar":null,"ementa":"INSTITUI A C\u00c9DULA DE IDENTIDADE FUNCIONAL DOS VEREADORES DO MUNIC\u00cdPIO DA LAPA,PARAN\u00c1.","indexacao":"","observacao":"","resultado":"","texto_original":"http://sapl.lapa.pr.leg.br/media/sapl/public/materialegislativa/2017/2019/2019_texto_integral.pdf","data_ultima_atualizacao":"2018-10-23T09:23:43.398041-03:00","ip":"","ultima_edicao":null,"tipo":2,"regime_tramitacao":1,"tipo_origem_externa":null,"local_origem_externa":null,"user":null,"anexadas":[],"autores":[18]}