{"id":4465,"__str__":"Requerimento n\u00ba 51 de 2021","link_detail_backend":"/materia/4465","metadata":{},"numero":51,"ano":2021,"numero_protocolo":950,"data_apresentacao":"2021-05-04","tipo_apresentacao":"","data_publicacao":null,"numero_origem_externa":"","ano_origem_externa":null,"data_origem_externa":null,"apelido":"","dias_prazo":null,"data_fim_prazo":null,"em_tramitacao":true,"polemica":false,"objeto":"","complementar":false,"ementa":"Requer ao Chefe do Poder Executivo, informa\u00e7\u00f5es sobre se h\u00e1 no Munic\u00edpio a possibilidade de um aux\u00edlio para as fam\u00edlias de pessoas que tiveram sequelas graves ap\u00f3s internamento pela contamina\u00e7\u00e3o do COVID-19.","indexacao":"","observacao":"","resultado":"","texto_original":"http://sapl.lapa.pr.leg.br/media/sapl/public/materialegislativa/2021/4465/protocolo_950.pdf","data_ultima_atualizacao":"2021-07-22T15:46:37.347990-03:00","ip":"168.232.216.26","ultima_edicao":"2021-05-10T10:05:03.791761-03:00","tipo":3,"regime_tramitacao":1,"tipo_origem_externa":null,"local_origem_externa":null,"user":66,"anexadas":[],"autores":[232]}