{"id":5794,"__str__":"Projeto de Decreto Legislativo n\u00ba 15 de 1990","link_detail_backend":"/materia/5794","metadata":{},"numero":15,"ano":1990,"numero_protocolo":null,"data_apresentacao":"1990-09-10","tipo_apresentacao":"E","data_publicacao":null,"numero_origem_externa":"","ano_origem_externa":null,"data_origem_externa":null,"apelido":"","dias_prazo":null,"data_fim_prazo":null,"em_tramitacao":true,"polemica":false,"objeto":"","complementar":false,"ementa":"Referenda denomina\u00e7\u00e3o de Escola Municipal \"Professor David Carneiro\", \u00e0 escola em constru\u00e7\u00e3o na Vila do Pr\u00edncipe.","indexacao":"","observacao":"","resultado":"","texto_original":"http://sapl.lapa.pr.leg.br/media/sapl/public/materialegislativa/1990/5794/projeto_de_decreto_15_1990.pdf","data_ultima_atualizacao":"2021-08-30T16:01:08.535547-03:00","ip":"168.232.216.26","ultima_edicao":"2021-08-30T15:57:42.634776-03:00","tipo":6,"regime_tramitacao":1,"tipo_origem_externa":null,"local_origem_externa":null,"user":69,"anexadas":[],"autores":[12]}