{"id":9621,"__str__":"Requerimento Verbal n\u00ba 50 de 2022","link_detail_backend":"/materia/9621","metadata":{},"numero":50,"ano":2022,"numero_protocolo":null,"data_apresentacao":"2022-10-11","tipo_apresentacao":"O","data_publicacao":null,"numero_origem_externa":"","ano_origem_externa":null,"data_origem_externa":null,"apelido":"","dias_prazo":null,"data_fim_prazo":null,"em_tramitacao":true,"polemica":false,"objeto":"","complementar":false,"ementa":"Requer que seja inserido em Ata Votos de Congratula\u00e7\u00f5es e Aplausos a toda comiss\u00e3o organizadora da Festa em Louvor a Nossa Senhora Aparecida, na Comunidade de \u00c1gua Azul de Baixo, que aconteceu no domingo, dia 09/10, onde estiveram presentes com o prefeito Diego Ribas.","indexacao":"","observacao":"","resultado":"","texto_original":null,"data_ultima_atualizacao":"2022-10-21T13:43:07.611202-03:00","ip":"168.232.216.26","ultima_edicao":"2022-10-14T16:43:04.041922-03:00","tipo":19,"regime_tramitacao":1,"tipo_origem_externa":null,"local_origem_externa":null,"user":30,"anexadas":[],"autores":[235,9]}